{"id":24429,"date":"2026-09-04T10:29:56","date_gmt":"2026-09-04T08:29:56","guid":{"rendered":"https:\/\/ibernex.es\/tout-ce-que-vous-devez-savoir-pour-nous-rendre-visite-a-ehpad-2026\/"},"modified":"2026-09-04T11:09:17","modified_gmt":"2026-09-04T09:09:17","slug":"tout-ce-que-vous-devez-savoir-pour-nous-rendre-visite-a-ehpad-2026","status":"publish","type":"post","link":"https:\/\/ibernex.es\/fr\/tout-ce-que-vous-devez-savoir-pour-nous-rendre-visite-a-ehpad-2026\/","title":{"rendered":"Tout ce que vous devez savoir pour nous rendre visite \u00e0 EHPAD 2026"},"content":{"rendered":"\n<p class=\"wp-block-paragraph\">Les 15 et 16 septembre, nous participerons \u00e0 EHPAD 2026. Cette \u00e9dition se tiendra \u00e0 <strong><strong>La Maison de la Mutualit\u00e9<\/strong><\/strong> Paris. <\/p>\n\n\n\n<p class=\"wp-block-paragraph\">EHPAD est l&rsquo;\u00e9v\u00e9nement incontournable en France pour les dirigeants et gestionnaires d&rsquo;\u00e9tablissements pour seniors. Il accueille la \u00ab Conf\u00e9rence nationale des \u00e9tablissements pour seniors \u00bb, principal rendez-vous annuel des responsables et d\u00e9cideurs du secteur des soins aux personnes \u00e2g\u00e9es. <\/p>\n\n\n\n<p class=\"wp-block-paragraph\">Ces d\u00e9fis et objectifs sont pleinement en phase avec <strong>la raison d&rsquo;\u00eatre d&rsquo;Ibernex, qui n&rsquo;est autre que de proposer des outils technologiques complets et innovants<\/strong> permettant aux professionnels de mieux accomplir leur travail et de consacrer plus de temps aux soins des patients. <\/p>\n\n\n\n<p class=\"wp-block-paragraph\">Vous trouverez ci-dessous des informations utiles si vous participez au salon et souhaitez d\u00e9couvrir comment nos <a href=\"https:\/\/ibernex.es\/fr\/#soluciones\/\">solutions technologiques<\/a> peuvent aider les centres \u00e0 am\u00e9liorer leurs processus, leur communication et leur s\u00e9curit\u00e9.<\/p>\n\n\n\n<div style=\"height:11px\" aria-hidden=\"true\" class=\"wp-block-spacer\"><\/div>\n\n\n\n<h2 class=\"wp-block-heading has-text-color\" style=\"color:#ffa400\"><strong>O\u00f9 sera situ\u00e9 notre stand \u00e0 EHPAD 2026 ?<\/strong><\/h2>\n\n\n\n<p class=\"wp-block-paragraph\">Nous serons situ\u00e9s sur le <strong>stand num\u00e9ro 11<\/strong> dans la zone d&rsquo;exposition, que vous pouvez trouver sur le plan suivant:<\/p>\n\n\n<div class=\"wp-block-image\">\n<figure class=\"aligncenter size-full\"><img fetchpriority=\"high\" decoding=\"async\" width=\"823\" height=\"518\" src=\"https:\/\/ibernex.es\/wp-content\/uploads\/2026\/09\/plano-ibnx-feriaEHPAD-2026.webp\" alt=\"\" class=\"wp-image-24422\" srcset=\"https:\/\/ibernex.es\/wp-content\/uploads\/2026\/09\/plano-ibnx-feriaEHPAD-2026.webp 823w, https:\/\/ibernex.es\/wp-content\/uploads\/2026\/09\/plano-ibnx-feriaEHPAD-2026-300x189.webp 300w, https:\/\/ibernex.es\/wp-content\/uploads\/2026\/09\/plano-ibnx-feriaEHPAD-2026-767x483.webp 767w\" sizes=\"(max-width: 823px) 100vw, 823px\" \/><\/figure>\n<\/div>\n\n\n<div style=\"height:40px\" aria-hidden=\"true\" class=\"wp-block-spacer\"><\/div>\n\n\n\n<h2 class=\"wp-block-heading has-text-color\" style=\"color:#ffa400\"><strong>Qu\u2019est-ce que le programme EHPAD 2026 ?<\/strong><\/h2>\n\n\n\n<p class=\"wp-block-paragraph\">D\u00e9couvrez<a href=\"https:\/\/assises.planetegrise.fr\/ehpad-2026\/programme\/\" target=\"_blank\" rel=\"noopener\"><strong> ici le programme complet<\/strong><\/a> dont vous pourrez profiter durant ces trois jours, avec diff\u00e9rentes communications, visions, exp\u00e9riences et agents de transformation.<\/p>\n\n\n\n<p class=\"has-medium-font-size wp-block-paragraph\"><strong>\ud83d\udce2 Informations g\u00e9n\u00e9rales<\/strong><\/p>\n\n\n\n<p class=\"wp-block-paragraph\">\ud83d\udcc5 15 et 16 septembre<br>\ud83d\udd54 8h30-18h<br>\ud83d\udccd La Maison de la Mutualit\u00e9, 24 rue Saint-Victor, 75005 Paris<\/p>\n\n\n\n<p class=\"wp-block-paragraph\"><strong>Acc\u00e9der:<\/strong><\/p>\n\n\n\n<ul class=\"wp-block-list\">\n<li>M\u00e9tro: Maubert Mutualit\u00e9 (ligne 10), Jussieu (ligne 7), Saint-Michel Notre-Dame (RER B)<\/li>\n\n\n\n<li>Bus: lignes 47, 63, 67, 86, 87, 89<\/li>\n<\/ul>\n\n\n\n<p class=\"wp-block-paragraph\">Enlace a la feria: <a href=\"https:\/\/assises.planetegrise.fr\/ehpad-2026\/\" target=\"_blank\" rel=\"noopener\">Assises Nationales des Ehpad 2026 &#8211; Plan\u00e8te Grise<\/a><\/p>\n\n\n\n<h3 class=\"wp-block-heading has-text-color\" style=\"color:#ffa400\"><strong>Quelles solutions trouverez-vous sur notre stand ?<\/strong><\/h3>\n\n\n\n<p class=\"wp-block-paragraph\">Nous vous pr\u00e9senterons nos solutions en d\u00e9tail et notre \u00e9quipe vous conseillera sur la technologie la mieux adapt\u00e9e aux besoins de votre centre.<\/p>\n\n\n\n<p class=\"wp-block-paragraph\">En tant que fabricants espagnols, nous concevons et d\u00e9veloppons des solutions telles que: <\/p>\n\n\n\n<ul class=\"wp-block-list\">\n<li><strong>Syst\u00e8me d&rsquo;appel-malade \u00e9volu\u00e9<\/strong>, ouvert et compatible avec des DUI pour des soins personnalis\u00e9s<\/li>\n\n\n\n<li><strong>Tra\u00e7abilit\u00e9 <\/strong>intelligente du linge pour un gain de temps<\/li>\n\n\n\n<li><strong>Localisation <\/strong>non intrusive avec alerte en cas de risque d&rsquo;errance.<\/li>\n<\/ul>\n\n\n<div class=\"wp-block-image\">\n<figure class=\"aligncenter size-full is-resized\"><img decoding=\"async\" width=\"2000\" height=\"1333\" src=\"https:\/\/ibernex.es\/wp-content\/uploads\/2025\/01\/Habitacion-residencia-Ibernex.webp\" alt=\"solutions pour les r\u00e9sidences\" class=\"wp-image-19018\" style=\"aspect-ratio:1.5003907267517582;width:761px;height:auto\" srcset=\"https:\/\/ibernex.es\/wp-content\/uploads\/2025\/01\/Habitacion-residencia-Ibernex.webp 2000w, https:\/\/ibernex.es\/wp-content\/uploads\/2025\/01\/Habitacion-residencia-Ibernex-300x200.webp 300w, https:\/\/ibernex.es\/wp-content\/uploads\/2025\/01\/Habitacion-residencia-Ibernex-1024x682.webp 1024w, https:\/\/ibernex.es\/wp-content\/uploads\/2025\/01\/Habitacion-residencia-Ibernex-768x512.webp 768w, https:\/\/ibernex.es\/wp-content\/uploads\/2025\/01\/Habitacion-residencia-Ibernex-1536x1024.webp 1536w\" sizes=\"(max-width: 2000px) 100vw, 2000px\" \/><\/figure>\n<\/div>\n\n\n<div style=\"height:28px\" aria-hidden=\"true\" class=\"wp-block-spacer\"><\/div>\n\n\n\n<p class=\"wp-block-paragraph\"><strong>Saviez-vous \u00e9galement que nous sommes int\u00e9gr\u00e9s \u00e0 d&rsquo;autres programmes de gestion ?<\/strong> <\/p>\n\n\n\n<p class=\"wp-block-paragraph\">Si votre centre dispose d\u00e9j\u00e0 d&rsquo;un programme de gestion, aucun probl\u00e8me ! <strong> <\/strong>Toutes nos solutions sont int\u00e9gr\u00e9es \u00e0 d&rsquo;autres syst\u00e8mes de gestion \u2013 contactez-nous !<\/p>\n\n\n\n<h2 class=\"wp-block-heading has-text-color\" style=\"color:#ffa400\"><strong>L&rsquo;\u00e9quipe !<\/strong><\/h2>\n\n\n\n<p class=\"wp-block-paragraph\">Nous sommes \u00e0 votre disposition sur notre stand num\u00e9ro 11 et nous serons ravis de vous accueillir. Notre \u00e9quipe se fera un plaisir de vous conseiller personnellement sur nos solutions de num\u00e9risation hospitali\u00e8re et sur la mani\u00e8re dont elles peuvent am\u00e9liorer l&rsquo;efficacit\u00e9 et la qualit\u00e9 des services au sein de votre \u00e9tablissement au quotidien. <\/p>\n\n\n\n<p class=\"wp-block-paragraph\">Si vous souhaitez organiser une r\u00e9union, n&rsquo;h\u00e9sitez pas \u00e0 nous envoyer un courriel \u00e0 <strong>comercial@ibernex.es<\/strong><\/p>\n\n\n\n<p class=\"has-medium-font-size wp-block-paragraph\"><strong>Nous esp\u00e9rons vous voir \u00e0 EHPAD 2026 !<\/strong><\/p>\n","protected":false},"excerpt":{"rendered":"<p>Les 15 et 16 septembre, nous participerons \u00e0 EHPAD 2026. Cette \u00e9dition se tiendra \u00e0 La Maison de la Mutualit\u00e9 Paris. EHPAD est l&rsquo;\u00e9v\u00e9nement incontournable en France pour les dirigeants et gestionnaires d&rsquo;\u00e9tablissements pour seniors. Il accueille la \u00ab Conf\u00e9rence nationale des \u00e9tablissements pour seniors \u00bb, principal rendez-vous annuel des responsables et d\u00e9cideurs du secteur &#8230; <a title=\"Tout ce que vous devez savoir pour nous rendre visite \u00e0 EHPAD 2026\" class=\"read-more\" href=\"https:\/\/ibernex.es\/fr\/tout-ce-que-vous-devez-savoir-pour-nous-rendre-visite-a-ehpad-2026\/\" aria-label=\"En savoir plus sur Tout ce que vous devez savoir pour nous rendre visite \u00e0 EHPAD 2026\">Lire plus<\/a><\/p>\n","protected":false},"author":4,"featured_media":24420,"comment_status":"closed","ping_status":"closed","sticky":false,"template":"","format":"standard","meta":{"footnotes":""},"categories":[1316,1317],"tags":[],"class_list":["post-24429","post","type-post","status-publish","format-standard","has-post-thumbnail","hentry","category-evenements","category-ibernex"],"_links":{"self":[{"href":"https:\/\/ibernex.es\/fr\/wp-json\/wp\/v2\/posts\/24429","targetHints":{"allow":["GET"]}}],"collection":[{"href":"https:\/\/ibernex.es\/fr\/wp-json\/wp\/v2\/posts"}],"about":[{"href":"https:\/\/ibernex.es\/fr\/wp-json\/wp\/v2\/types\/post"}],"author":[{"embeddable":true,"href":"https:\/\/ibernex.es\/fr\/wp-json\/wp\/v2\/users\/4"}],"replies":[{"embeddable":true,"href":"https:\/\/ibernex.es\/fr\/wp-json\/wp\/v2\/comments?post=24429"}],"version-history":[{"count":5,"href":"https:\/\/ibernex.es\/fr\/wp-json\/wp\/v2\/posts\/24429\/revisions"}],"predecessor-version":[{"id":24434,"href":"https:\/\/ibernex.es\/fr\/wp-json\/wp\/v2\/posts\/24429\/revisions\/24434"}],"wp:featuredmedia":[{"embeddable":true,"href":"https:\/\/ibernex.es\/fr\/wp-json\/wp\/v2\/media\/24420"}],"wp:attachment":[{"href":"https:\/\/ibernex.es\/fr\/wp-json\/wp\/v2\/media?parent=24429"}],"wp:term":[{"taxonomy":"category","embeddable":true,"href":"https:\/\/ibernex.es\/fr\/wp-json\/wp\/v2\/categories?post=24429"},{"taxonomy":"post_tag","embeddable":true,"href":"https:\/\/ibernex.es\/fr\/wp-json\/wp\/v2\/tags?post=24429"}],"curies":[{"name":"wp","href":"https:\/\/api.w.org\/{rel}","templated":true}]}}